{"id":2127,"date":"2019-11-15T19:32:48","date_gmt":"2019-11-15T19:32:48","guid":{"rendered":"https:\/\/puenteromano.net\/?p=2127"},"modified":"2019-11-15T19:48:05","modified_gmt":"2019-11-15T19:48:05","slug":"pelicula-lo-que-arde-2019-de-oliver-laxe","status":"publish","type":"post","link":"https:\/\/puenteromano.net\/index.php\/2019\/11\/15\/pelicula-lo-que-arde-2019-de-oliver-laxe\/","title":{"rendered":"Pel\u00edcula: Lo que arde (2019), de Oliver Laxe"},"content":{"rendered":"\n<p><strong>Martes 19. CASA DE CULTURA DE CANGAS DE ON\u00cdS, 19:30 horas.&nbsp;<\/strong><\/p>\n\n\n\n<p><strong>CINE.&nbsp;<em>LO QUE ARDE.&nbsp;<\/em><\/strong>(Espa\u00f1a, 2019).<\/p>\n\n\n\n<p><strong>Laboral Cinemateca Ambulante.&nbsp;<\/strong><\/p>\n\n\n\n<p>Tercer largometraje de Oliver Laxe, rodada entre Asturias y Galicia y multipremiada en los m\u00e1s importantes festivales. <\/p>\n\n\n\n<p>SINOPSIS: Nadie espera a Amador cuando sale de la c\u00e1rcel tras cumplir condena por haber provocado un incendio. Regresa a su casa, una aldea perdida de las monta\u00f1as lucenses, donde volver\u00e1 a convivir con su madre Benedicta, su perra Luna y sus tres vacas. Sus vidas transcurren al ritmo sosegado de la naturaleza, hasta que todo cambia cuando un fuego violento arrasa la zona.<\/p>\n\n\n\n<p><strong>Martes 19. CASA DE CULTURA DE CANGAS DE ON\u00cdS, 19:30 horas.&nbsp;<\/strong><\/p>\n\n\n\n<p><strong><a href=\"https:\/\/lesasturies.org\/index.php\/2019\/10\/23\/o-que-arde-de-oliver-laxe\/\">Rese\u00f1a del profesor Gonzalo Barrena sobre la pel\u00edcula<\/a><\/strong><\/p>\n\n\n\n<div class=\"wp-block-image\"><figure class=\"alignleft size-large\"><a href=\"https:\/\/lesasturies.org\/index.php\/2019\/10\/23\/o-que-arde-de-oliver-laxe\/\" target=\"_blank\" rel=\"noreferrer noopener\"><img loading=\"lazy\" decoding=\"async\" width=\"1024\" height=\"403\" src=\"https:\/\/puenteromano.net\/wp-content\/uploads\/2019\/11\/Lo-que-arde-banner-1024x403.jpg\" alt=\"\" class=\"wp-image-2131\" srcset=\"https:\/\/puenteromano.net\/wp-content\/uploads\/2019\/11\/Lo-que-arde-banner-980x386.jpg 980w, https:\/\/puenteromano.net\/wp-content\/uploads\/2019\/11\/Lo-que-arde-banner-480x189.jpg 480w\" sizes=\"(min-width: 0px) and (max-width: 480px) 480px, (min-width: 481px) and (max-width: 980px) 980px, (min-width: 981px) 1024px, 100vw\" \/><\/a><\/figure><\/div>\n","protected":false},"excerpt":{"rendered":"<p>Martes 19. CASA DE CULTURA DE CANGAS DE ON\u00cdS, 19:30 horas.&nbsp; CINE.&nbsp;LO QUE ARDE.&nbsp;(Espa\u00f1a, 2019). Laboral Cinemateca Ambulante.&nbsp; Tercer largometraje de Oliver Laxe, rodada entre Asturias y Galicia y multipremiada en los m\u00e1s importantes festivales. SINOPSIS: Nadie espera a Amador cuando sale de la c\u00e1rcel tras cumplir condena por haber provocado un incendio. Regresa a [&hellip;]<\/p>\n","protected":false},"author":1,"featured_media":2130,"comment_status":"closed","ping_status":"closed","sticky":false,"template":"","format":"standard","meta":{"_et_pb_use_builder":"off","_et_pb_old_content":"","_et_gb_content_width":"","footnotes":""},"categories":[18,1],"tags":[],"class_list":["post-2127","post","type-post","status-publish","format-standard","has-post-thumbnail","hentry","category-filosofia","category-sin-categoria"],"_links":{"self":[{"href":"https:\/\/puenteromano.net\/index.php\/wp-json\/wp\/v2\/posts\/2127","targetHints":{"allow":["GET"]}}],"collection":[{"href":"https:\/\/puenteromano.net\/index.php\/wp-json\/wp\/v2\/posts"}],"about":[{"href":"https:\/\/puenteromano.net\/index.php\/wp-json\/wp\/v2\/types\/post"}],"author":[{"embeddable":true,"href":"https:\/\/puenteromano.net\/index.php\/wp-json\/wp\/v2\/users\/1"}],"replies":[{"embeddable":true,"href":"https:\/\/puenteromano.net\/index.php\/wp-json\/wp\/v2\/comments?post=2127"}],"version-history":[{"count":5,"href":"https:\/\/puenteromano.net\/index.php\/wp-json\/wp\/v2\/posts\/2127\/revisions"}],"predecessor-version":[{"id":2135,"href":"https:\/\/puenteromano.net\/index.php\/wp-json\/wp\/v2\/posts\/2127\/revisions\/2135"}],"wp:featuredmedia":[{"embeddable":true,"href":"https:\/\/puenteromano.net\/index.php\/wp-json\/wp\/v2\/media\/2130"}],"wp:attachment":[{"href":"https:\/\/puenteromano.net\/index.php\/wp-json\/wp\/v2\/media?parent=2127"}],"wp:term":[{"taxonomy":"category","embeddable":true,"href":"https:\/\/puenteromano.net\/index.php\/wp-json\/wp\/v2\/categories?post=2127"},{"taxonomy":"post_tag","embeddable":true,"href":"https:\/\/puenteromano.net\/index.php\/wp-json\/wp\/v2\/tags?post=2127"}],"curies":[{"name":"wp","href":"https:\/\/api.w.org\/{rel}","templated":true}]}}